{"id":1883,"date":"2011-09-12T15:08:45","date_gmt":"2011-09-12T15:08:45","guid":{"rendered":"http:\/\/blog.dpsgbretten.de\/?p=1883"},"modified":"2018-05-18T06:10:22","modified_gmt":"2018-05-18T06:10:22","slug":"stadt-wald-flus-sommerlager-der-wolflinge","status":"publish","type":"post","link":"https:\/\/blog.dpsgbretten.de\/?p=1883","title":{"rendered":"Stadt, Wald, Flu\u00df: Sommerlager der W\u00f6lflinge"},"content":{"rendered":"<p align=\"center\"><img loading=\"lazy\" decoding=\"async\" alt=\"IMG 1880\" src=\"https:\/\/blog.dpsgbretten.de\/wp-content\/uploads\/2011\/09\/img_1880.jpg\" width=\"450\" height=\"337\" \/><\/p>\n<p><strong>Ja \u2013 wir W\u00f6lflinge waren mal wieder unterwegs! Und zwar vom 4. \u2013 7. September im Sommerlager in Raum\u00fcnzach. Wir, das sind Julia, Daria, Cajus, Stefan, Philipp, Max, Fynn, Maxi-King, Katha aus der Pfadfinderstufe (unser neuester Fan!), Silvia (sie macht z. Z. ein Au-Pair-Praktikum bei uns) und die Gruppenleiter Anti, Kelly, Zeus und Coco.<\/strong><\/p>\n<p><strong><img loading=\"lazy\" decoding=\"async\" alt=\"L1040931\" align=\"right\" src=\"https:\/\/blog.dpsgbretten.de\/wp-content\/uploads\/2011\/09\/l1040931.jpg\" width=\"450\" height=\"337\" \/><\/strong><\/p>\n<p>Mit dieser Gruppe sind wir zuerst einmal in das Schwarzwaldst\u00e4dtchen Forbach gewandert. Unser dortiges Ziel war der Murggarten, ein gro\u00dfer Spielplatz, der durch sein vielf\u00e4ltiges Angebot an Spielger\u00e4ten ein Wunschziel der W\u00f6lflinge war. Am darauf folgenden Tag wanderten wir durch den Wald zur Schwarzenbachtalsperre um dort mit allen Tretboot zu fahren. Davor, danach und zwischen diesen Aktionen war die direkt vor unserem Haus flie\u00dfende Murg ein sehr beliebtes Ziel der W\u00f6lflinge: Dort war z.B. Baden sowie Forellen, Fr\u00f6sche und Pflanzen beobachten angesagt.<\/p>\n<p>Abends haben wir am Feuer Stockbrot, Maultaschen und W\u00fcrstchen gegrillt oder unser Essen auf Trangia-Kochern zubereitet. Anschlie\u00dfend gab es dann am Feuer selbst gebruzzeltes leckeres Lagerfeuerpopcorn, das wir im Herbstlager (28.10. bis 30.10) eigentich wieder machen k\u00f6nnten &#8230; Fotos zum Sommerlager findet Ihr in der <a href=\"http:\/\/pfadfinder-bretten.erikboettcher.net\/fotos\/thumbnails.php?album=87\">internen Pfadfinder-Fotogalerie<\/a> (Coco).<\/p>\n<p align=\"right\">\n","protected":false},"excerpt":{"rendered":"<p>Ja \u2013 wir W\u00f6lflinge waren mal wieder unterwegs! Und zwar vom 4. \u2013 7. September im Sommerlager in Raum\u00fcnzach. Wir, das sind Julia, Daria, Cajus, Stefan, Philipp, Max, Fynn, Maxi-King, <a class=\"more-link\" href=\"https:\/\/blog.dpsgbretten.de\/?p=1883\">Continue Reading &rarr;<\/a><\/p>\n","protected":false},"author":1,"featured_media":0,"comment_status":"open","ping_status":"open","sticky":false,"template":"","format":"standard","meta":{"footnotes":""},"categories":[122,98],"tags":[],"class_list":["post-1883","post","type-post","status-publish","format-standard","hentry","category-00-00-stamm-aktuell","category-wolflinge-2"],"_links":{"self":[{"href":"https:\/\/blog.dpsgbretten.de\/index.php?rest_route=\/wp\/v2\/posts\/1883","targetHints":{"allow":["GET"]}}],"collection":[{"href":"https:\/\/blog.dpsgbretten.de\/index.php?rest_route=\/wp\/v2\/posts"}],"about":[{"href":"https:\/\/blog.dpsgbretten.de\/index.php?rest_route=\/wp\/v2\/types\/post"}],"author":[{"embeddable":true,"href":"https:\/\/blog.dpsgbretten.de\/index.php?rest_route=\/wp\/v2\/users\/1"}],"replies":[{"embeddable":true,"href":"https:\/\/blog.dpsgbretten.de\/index.php?rest_route=%2Fwp%2Fv2%2Fcomments&post=1883"}],"version-history":[{"count":1,"href":"https:\/\/blog.dpsgbretten.de\/index.php?rest_route=\/wp\/v2\/posts\/1883\/revisions"}],"predecessor-version":[{"id":1913,"href":"https:\/\/blog.dpsgbretten.de\/index.php?rest_route=\/wp\/v2\/posts\/1883\/revisions\/1913"}],"wp:attachment":[{"href":"https:\/\/blog.dpsgbretten.de\/index.php?rest_route=%2Fwp%2Fv2%2Fmedia&parent=1883"}],"wp:term":[{"taxonomy":"category","embeddable":true,"href":"https:\/\/blog.dpsgbretten.de\/index.php?rest_route=%2Fwp%2Fv2%2Fcategories&post=1883"},{"taxonomy":"post_tag","embeddable":true,"href":"https:\/\/blog.dpsgbretten.de\/index.php?rest_route=%2Fwp%2Fv2%2Ftags&post=1883"}],"curies":[{"name":"wp","href":"https:\/\/api.w.org\/{rel}","templated":true}]}}