{"id":2474,"date":"2012-12-16T19:34:55","date_gmt":"2012-12-16T19:34:55","guid":{"rendered":"http:\/\/blog.dpsgbretten.de\/?p=2474"},"modified":"2017-10-10T08:52:43","modified_gmt":"2017-10-10T08:52:43","slug":"friedenslicht-nach-bretten-gebracht","status":"publish","type":"post","link":"https:\/\/blog.dpsgbretten.de\/?p=2474","title":{"rendered":"Friedenslicht nach Bretten gebracht"},"content":{"rendered":"<p><strong><img loading=\"lazy\" decoding=\"async\" src=\"https:\/\/blog.dpsgbretten.de\/wp-content\/uploads\/2012\/12\/frieden1.jpg\" alt=\"Frieden1\" width=\"225\" height=\"300\" align=\"right\" \/>Die Georgspfadfinder des Pfadfinderstamms Askola aus Bretten holten das Friedenslicht am Sonntag in einer Aussendungsfeier in Bruchsal ab, um es in Bretten zu verteilen. <\/strong><\/p>\n<p>Bereits seit 1994 beteiligen sich Pfadfinderinnen und Pfadfinder an der Aktion, die auf eine Initiative des ORF Linz zur\u00fcckgeht, der bis heute das Licht in Betlehem abholt. Als Symbol f\u00fcr Frieden, W\u00e4rme, Solidarit\u00e4t und Mitgef\u00fchl soll das Licht an alle &#8222;Menschen guten Willens&#8220; weitergegeben werden. Wer das Licht empf\u00e4ngt, kann damit selbst die Kerzen von Freunden und Bekannten entz\u00fcnden, damit an vielen Orten ein Schimmer des Friedens erfahrbar wird, auf den die Menschen in der Weihnachtszeit besonders hoffen. Die Flamme wurde in der Geburtsgrotte Jesu Christi in Betlehem entz\u00fcndet und von Pfadfinderinnen und Pfadfinder in Wien abgeholt. Per Zug wurde das Licht in \u00fcber 30 zentrale Bahnh\u00f6fe in Deutschland getragen: von M\u00fcnchen bis Kiel und von Aachen bis G\u00f6rlitz &#8211; sowie in andere L\u00e4nder Europas und sogar bis nach Amerika.<\/p>\n<p>In dieser Woche werden die Georgspfadfinder das Friedenslicht an die katholische Kirchengemeinde, an die Max-Planck-Realschule und an den Gemeinderat zu Beginn der \u00f6ffentlichen Gemeinderatssitzung weiterreichen.<\/p>\n<p><strong>Recht herzlich sind interessierte B\u00fcrgerinnen und B\u00fcrger am Dienstag, den 18.12.2012 um 18 Uhr im Rathaus eingeladen das Licht mit nach Hause zu nehmen. Weitere Informationen zur Aktion Friedenslicht: <a href=\"http:\/\/www.friedenslicht.de\">www.friedenslicht.de<\/a><\/strong><\/p>\n","protected":false},"excerpt":{"rendered":"<p>Die Georgspfadfinder des Pfadfinderstamms Askola aus Bretten holten das Friedenslicht am Sonntag in einer Aussendungsfeier in Bruchsal ab, um es in Bretten zu verteilen. Bereits seit 1994 beteiligen sich Pfadfinderinnen <a class=\"more-link\" href=\"https:\/\/blog.dpsgbretten.de\/?p=2474\">Continue Reading &rarr;<\/a><\/p>\n","protected":false},"author":1,"featured_media":2477,"comment_status":"open","ping_status":"open","sticky":false,"template":"","format":"standard","meta":{"footnotes":""},"categories":[122,98,99,102],"tags":[],"class_list":["post-2474","post","type-post","status-publish","format-standard","has-post-thumbnail","hentry","category-00-00-stamm-aktuell","category-wolflinge-2","category-jungpfadfinder","category-leiterrunde"],"_links":{"self":[{"href":"https:\/\/blog.dpsgbretten.de\/index.php?rest_route=\/wp\/v2\/posts\/2474","targetHints":{"allow":["GET"]}}],"collection":[{"href":"https:\/\/blog.dpsgbretten.de\/index.php?rest_route=\/wp\/v2\/posts"}],"about":[{"href":"https:\/\/blog.dpsgbretten.de\/index.php?rest_route=\/wp\/v2\/types\/post"}],"author":[{"embeddable":true,"href":"https:\/\/blog.dpsgbretten.de\/index.php?rest_route=\/wp\/v2\/users\/1"}],"replies":[{"embeddable":true,"href":"https:\/\/blog.dpsgbretten.de\/index.php?rest_route=%2Fwp%2Fv2%2Fcomments&post=2474"}],"version-history":[{"count":3,"href":"https:\/\/blog.dpsgbretten.de\/index.php?rest_route=\/wp\/v2\/posts\/2474\/revisions"}],"predecessor-version":[{"id":3950,"href":"https:\/\/blog.dpsgbretten.de\/index.php?rest_route=\/wp\/v2\/posts\/2474\/revisions\/3950"}],"wp:featuredmedia":[{"embeddable":true,"href":"https:\/\/blog.dpsgbretten.de\/index.php?rest_route=\/wp\/v2\/media\/2477"}],"wp:attachment":[{"href":"https:\/\/blog.dpsgbretten.de\/index.php?rest_route=%2Fwp%2Fv2%2Fmedia&parent=2474"}],"wp:term":[{"taxonomy":"category","embeddable":true,"href":"https:\/\/blog.dpsgbretten.de\/index.php?rest_route=%2Fwp%2Fv2%2Fcategories&post=2474"},{"taxonomy":"post_tag","embeddable":true,"href":"https:\/\/blog.dpsgbretten.de\/index.php?rest_route=%2Fwp%2Fv2%2Ftags&post=2474"}],"curies":[{"name":"wp","href":"https:\/\/api.w.org\/{rel}","templated":true}]}}