{"id":60,"date":"2007-09-22T21:01:17","date_gmt":"2007-09-22T21:01:17","guid":{"rendered":"http:\/\/blog.dpsgbretten.de\/?p=60"},"modified":"2018-05-18T06:07:05","modified_gmt":"2018-05-18T06:07:05","slug":"kohten-vor-dem-schloss-bellevue","status":"publish","type":"post","link":"https:\/\/blog.dpsgbretten.de\/?p=60","title":{"rendered":"Kohten vor dem Schloss Bellevue"},"content":{"rendered":"<p>[inspic=138,right,,300] Bundespr\u00e4sident Horst K\u00f6hler hat das internationale Pfadfinderzeltlager im Garten des Schloss Bellevue besucht. \u00bbPfadfinder sein &#8211; das gibt einem was f\u00fcr das ganze Leben\u00ab, sagte er, bevor er mit den Jugendlichen aus neun L\u00e4ndern sprach. \u00bbIch freue mich, dass ich an meine eigene, gute Zeit als Pfadfinder ankn\u00fcpfen kann\u00ab, sagte Horst K\u00f6hler. Bei den Pfadfindern erlebten junge Menschen Gemeinschaft &#8211; nicht nur am Lagerfeuer und auf gro\u00dfer Fahrt, nicht nur bei Spiel und Sport, sondern auch bei den vielen gemeinsamen Hilfsprojekten. \u00bbBei den Pfadfindern erfahren Jungen und M\u00e4dchen: Es kommt auf jeden Einzelnen an, wenn man etwas zusammen aufbauen, etwas bewegen will\u00ab, betonte der Bundespr\u00e4sident. Und weiter: \u00bbPfadfinder \u00fcbernehmen Verantwortung: Bei den Pfadfindern z\u00e4hlt der Einsatz, nicht die Herkunft. Hier z\u00e4hlt die Person, nicht das Portemonnaie\u00ab. Nach einem gemeinsamen Mittagessen schaute er sich Projekte und Aktionen der Pfadfinderinnen und Pfadfinder aus Deutschland, Kasachstan, Serbien, Frankreich, Jordanien, Polen, Bolivien, Rwanda und S\u00fcdafrika an. Er kam mit den Jugendlichen ins Gespr\u00e4ch und war neugierig auf das aktuelle Programm.<\/p>\n<p>Im Anschluss an den Besuch trat Bundespr\u00e4sident Horst K\u00f6hler vor die Kameras der Fernsehsender und bekr\u00e4ftigte: \u00bbWir Erwachsenen, auch wir Politiker klagen so oft, dass Verst\u00e4ndigung und Frieden nicht m\u00f6glich ist. Die Pfadfinderinnen und Pfadfinder zeigen uns, wie einfach es geht. Sie sind ein gutes Beispiel\u00ab. Bewegte Bilder \u00fcber das Zeltlager vor dem Schloss Bellevue kann man <a href=\"http:\/\/www.tagesschau.de\/multimedia\/video\/video210154.html\">hier<\/a> bei der Tagesschau oder auch in der <a href=\"http:\/\/www.hr-online.de\/website\/fernsehen\/sendungen\/video_archiv5300.jsp?rubrik=5300&amp;r=8&amp;y=2007&amp;t=20070923&amp;key=standard_document_33140486&amp;mediakey=fs\/hessenschau\/20070923_pfadfinder&amp;type=v&amp;jm=3&amp;jmpage=1\">Hessenschau<\/a> ansehen.<\/p>\n","protected":false},"excerpt":{"rendered":"<p>[inspic=138,right,,300] Bundespr\u00e4sident Horst K\u00f6hler hat das internationale Pfadfinderzeltlager im Garten des Schloss Bellevue besucht. \u00bbPfadfinder sein &#8211; das gibt einem was f\u00fcr das ganze Leben\u00ab, sagte er, bevor er mit <a class=\"more-link\" href=\"https:\/\/blog.dpsgbretten.de\/?p=60\">Continue Reading &rarr;<\/a><\/p>\n","protected":false},"author":1,"featured_media":0,"comment_status":"open","ping_status":"open","sticky":false,"template":"","format":"standard","meta":{"footnotes":""},"categories":[122],"tags":[27,32],"class_list":["post-60","post","type-post","status-publish","format-standard","hentry","category-00-00-stamm-aktuell","tag-100-jahre-pfadfinder","tag-tv-tipp"],"_links":{"self":[{"href":"https:\/\/blog.dpsgbretten.de\/index.php?rest_route=\/wp\/v2\/posts\/60","targetHints":{"allow":["GET"]}}],"collection":[{"href":"https:\/\/blog.dpsgbretten.de\/index.php?rest_route=\/wp\/v2\/posts"}],"about":[{"href":"https:\/\/blog.dpsgbretten.de\/index.php?rest_route=\/wp\/v2\/types\/post"}],"author":[{"embeddable":true,"href":"https:\/\/blog.dpsgbretten.de\/index.php?rest_route=\/wp\/v2\/users\/1"}],"replies":[{"embeddable":true,"href":"https:\/\/blog.dpsgbretten.de\/index.php?rest_route=%2Fwp%2Fv2%2Fcomments&post=60"}],"version-history":[{"count":2,"href":"https:\/\/blog.dpsgbretten.de\/index.php?rest_route=\/wp\/v2\/posts\/60\/revisions"}],"predecessor-version":[{"id":2255,"href":"https:\/\/blog.dpsgbretten.de\/index.php?rest_route=\/wp\/v2\/posts\/60\/revisions\/2255"}],"wp:attachment":[{"href":"https:\/\/blog.dpsgbretten.de\/index.php?rest_route=%2Fwp%2Fv2%2Fmedia&parent=60"}],"wp:term":[{"taxonomy":"category","embeddable":true,"href":"https:\/\/blog.dpsgbretten.de\/index.php?rest_route=%2Fwp%2Fv2%2Fcategories&post=60"},{"taxonomy":"post_tag","embeddable":true,"href":"https:\/\/blog.dpsgbretten.de\/index.php?rest_route=%2Fwp%2Fv2%2Ftags&post=60"}],"curies":[{"name":"wp","href":"https:\/\/api.w.org\/{rel}","templated":true}]}}