{"id":6708,"date":"2025-06-23T14:56:28","date_gmt":"2025-06-23T12:56:28","guid":{"rendered":"https:\/\/blog.dpsgbretten.de\/?p=6708"},"modified":"2025-06-23T15:22:50","modified_gmt":"2025-06-23T13:22:50","slug":"fronleichnam-3","status":"publish","type":"post","link":"https:\/\/blog.dpsgbretten.de\/?p=6708","title":{"rendered":"Fronleichnam"},"content":{"rendered":"\n<p>Am 22.06.2025 nahm eine kleine Abordnung am Fronleichnamsgottesdienst und der anschlie\u00dfenden Prozession teil. <br>Der Gottesdienst begann um 10:30Uhr in der Pfarrkirche, danach machten wir uns auf zur Prozession. Angef\u00fchrt von einem Ministranten folgten die Pfadfinder, die Stadtkapelle und nat\u00fcrlich der Pfarrer mit dem Allerheiligsten. Dahinter folgte die Gemeinde. Die Prozession f\u00fchrte uns durch den Stadtpark und die Stadt, zu einer bereits, mit Blumenteppichen und einem geschm\u00fcckten Altar, vorbereiteten Station auf dem Marktplatz.<\/p>\n\n\n\n<figure class=\"wp-block-image size-large\"><a href=\"https:\/\/blog.dpsgbretten.de\/wp-content\/uploads\/2025\/06\/image.png\"><img loading=\"lazy\" decoding=\"async\" width=\"1024\" height=\"403\" src=\"https:\/\/blog.dpsgbretten.de\/wp-content\/uploads\/2025\/06\/image-1024x403.png\" alt=\"\" class=\"wp-image-6711\" srcset=\"https:\/\/blog.dpsgbretten.de\/wp-content\/uploads\/2025\/06\/image-1024x403.png 1024w, https:\/\/blog.dpsgbretten.de\/wp-content\/uploads\/2025\/06\/image-300x118.png 300w, https:\/\/blog.dpsgbretten.de\/wp-content\/uploads\/2025\/06\/image-768x302.png 768w, https:\/\/blog.dpsgbretten.de\/wp-content\/uploads\/2025\/06\/image-1536x604.png 1536w, https:\/\/blog.dpsgbretten.de\/wp-content\/uploads\/2025\/06\/image.png 1611w\" sizes=\"auto, (max-width: 1024px) 100vw, 1024px\" \/><\/a><\/figure>\n","protected":false},"excerpt":{"rendered":"<p>Am 22.06.2025 nahm eine kleine Abordnung am Fronleichnamsgottesdienst und der anschlie\u00dfenden Prozession teil. Der Gottesdienst begann um 10:30Uhr in der Pfarrkirche, danach machten wir uns auf zur Prozession. Angef\u00fchrt von <a class=\"more-link\" href=\"https:\/\/blog.dpsgbretten.de\/?p=6708\">Continue Reading &rarr;<\/a><\/p>\n","protected":false},"author":12,"featured_media":0,"comment_status":"closed","ping_status":"closed","sticky":false,"template":"","format":"standard","meta":{"footnotes":""},"categories":[122,59,99,100,101,102],"tags":[],"class_list":["post-6708","post","type-post","status-publish","format-standard","hentry","category-00-00-stamm-aktuell","category-rest","category-jungpfadfinder","category-pfadfinder","category-rover","category-leiterrunde"],"_links":{"self":[{"href":"https:\/\/blog.dpsgbretten.de\/index.php?rest_route=\/wp\/v2\/posts\/6708","targetHints":{"allow":["GET"]}}],"collection":[{"href":"https:\/\/blog.dpsgbretten.de\/index.php?rest_route=\/wp\/v2\/posts"}],"about":[{"href":"https:\/\/blog.dpsgbretten.de\/index.php?rest_route=\/wp\/v2\/types\/post"}],"author":[{"embeddable":true,"href":"https:\/\/blog.dpsgbretten.de\/index.php?rest_route=\/wp\/v2\/users\/12"}],"replies":[{"embeddable":true,"href":"https:\/\/blog.dpsgbretten.de\/index.php?rest_route=%2Fwp%2Fv2%2Fcomments&post=6708"}],"version-history":[{"count":2,"href":"https:\/\/blog.dpsgbretten.de\/index.php?rest_route=\/wp\/v2\/posts\/6708\/revisions"}],"predecessor-version":[{"id":6712,"href":"https:\/\/blog.dpsgbretten.de\/index.php?rest_route=\/wp\/v2\/posts\/6708\/revisions\/6712"}],"wp:attachment":[{"href":"https:\/\/blog.dpsgbretten.de\/index.php?rest_route=%2Fwp%2Fv2%2Fmedia&parent=6708"}],"wp:term":[{"taxonomy":"category","embeddable":true,"href":"https:\/\/blog.dpsgbretten.de\/index.php?rest_route=%2Fwp%2Fv2%2Fcategories&post=6708"},{"taxonomy":"post_tag","embeddable":true,"href":"https:\/\/blog.dpsgbretten.de\/index.php?rest_route=%2Fwp%2Fv2%2Ftags&post=6708"}],"curies":[{"name":"wp","href":"https:\/\/api.w.org\/{rel}","templated":true}]}}