{"id":6803,"date":"2025-09-26T10:51:50","date_gmt":"2025-09-26T08:51:50","guid":{"rendered":"https:\/\/blog.dpsgbretten.de\/?p=6803"},"modified":"2025-10-16T09:00:40","modified_gmt":"2025-10-16T07:00:40","slug":"japlata-2025","status":"publish","type":"post","link":"https:\/\/blog.dpsgbretten.de\/?p=6803","title":{"rendered":"JaPlaTa 2025"},"content":{"rendered":"\n<p>Vom 19.09. &#8211; 21.09.2025 fand unsere JaPlaTa 2025 in der gem\u00fctlichen Heersbergh\u00fctte in Albstadt statt.<br>Nach der Ankunft am Freitag starteten wir mit einer Reflexionsrunde \u00fcber das vergangene Jahr, sammelten Themen und Ideen und tauschten uns intensiv \u00fcber verschiedene Bereiche unserer Jugendarbeit aus. Der Samstag begann traditionell mit einem Wei\u00dfwurstfr\u00fchst\u00fcck, bevor wir motiviert in die Agenda Arbeit einstiegen. Dabei wurde eifrig besprochen, geplant und organisiert, viele neue Ideen und Aktionen sind entstanden.<br>Am Abend stand dann der wohlverdiente Leiterausflug ins Badkap, eine Therme in der N\u00e4he, auf dem Programm. Dort konnten wir entspannen und den Tag gem\u00fctlich ausklingen lassen. Am Sonntagmorgen wurden schlie\u00dflich die Termine f\u00fcr das kommende Jahr festgelegt und die Lager zugeteilt. Nach dem Aufr\u00e4umen machten wir uns zufrieden und voller Vorfreude auf den Heimweg.<\/p>\n\n\n\n<p>Wir freuen uns jetzt schon auf viele coole Aktionen und Lager im Pfadfinderjahr 2025\/26!<\/p>\n","protected":false},"excerpt":{"rendered":"<p>Vom 19.09. &#8211; 21.09.2025 fand unsere JaPlaTa 2025 in der gem\u00fctlichen Heersbergh\u00fctte in Albstadt statt.Nach der Ankunft am Freitag starteten wir mit einer Reflexionsrunde \u00fcber das vergangene Jahr, sammelten Themen <a class=\"more-link\" href=\"https:\/\/blog.dpsgbretten.de\/?p=6803\">Continue Reading &rarr;<\/a><\/p>\n","protected":false},"author":12,"featured_media":0,"comment_status":"closed","ping_status":"closed","sticky":false,"template":"","format":"standard","meta":{"footnotes":""},"categories":[122,102],"tags":[],"class_list":["post-6803","post","type-post","status-publish","format-standard","hentry","category-00-00-stamm-aktuell","category-leiterrunde"],"_links":{"self":[{"href":"https:\/\/blog.dpsgbretten.de\/index.php?rest_route=\/wp\/v2\/posts\/6803","targetHints":{"allow":["GET"]}}],"collection":[{"href":"https:\/\/blog.dpsgbretten.de\/index.php?rest_route=\/wp\/v2\/posts"}],"about":[{"href":"https:\/\/blog.dpsgbretten.de\/index.php?rest_route=\/wp\/v2\/types\/post"}],"author":[{"embeddable":true,"href":"https:\/\/blog.dpsgbretten.de\/index.php?rest_route=\/wp\/v2\/users\/12"}],"replies":[{"embeddable":true,"href":"https:\/\/blog.dpsgbretten.de\/index.php?rest_route=%2Fwp%2Fv2%2Fcomments&post=6803"}],"version-history":[{"count":3,"href":"https:\/\/blog.dpsgbretten.de\/index.php?rest_route=\/wp\/v2\/posts\/6803\/revisions"}],"predecessor-version":[{"id":6817,"href":"https:\/\/blog.dpsgbretten.de\/index.php?rest_route=\/wp\/v2\/posts\/6803\/revisions\/6817"}],"wp:attachment":[{"href":"https:\/\/blog.dpsgbretten.de\/index.php?rest_route=%2Fwp%2Fv2%2Fmedia&parent=6803"}],"wp:term":[{"taxonomy":"category","embeddable":true,"href":"https:\/\/blog.dpsgbretten.de\/index.php?rest_route=%2Fwp%2Fv2%2Fcategories&post=6803"},{"taxonomy":"post_tag","embeddable":true,"href":"https:\/\/blog.dpsgbretten.de\/index.php?rest_route=%2Fwp%2Fv2%2Ftags&post=6803"}],"curies":[{"name":"wp","href":"https:\/\/api.w.org\/{rel}","templated":true}]}}