{"id":6890,"date":"2025-11-27T12:37:43","date_gmt":"2025-11-27T10:37:43","guid":{"rendered":"https:\/\/blog.dpsgbretten.de\/?p=6890"},"modified":"2025-12-08T10:12:21","modified_gmt":"2025-12-08T08:12:21","slug":"kirchenfuehrung-der-woelflinge","status":"publish","type":"post","link":"https:\/\/blog.dpsgbretten.de\/?p=6890","title":{"rendered":"Kirchenf\u00fchrung der W\u00f6lflinge"},"content":{"rendered":"\n<p>Im Rahmen unseres Themas&nbsp;\u201eIdentit\u00e4t (als Pfadfinder)\u201c&nbsp;besuchten die W\u00f6lflinge in ihrer Gruppenstunde die Kirche, um \u00fcber die Verbindung zwischen Pfadfindern und Kirche nachzudenken. Die F\u00fchrung wurde von der Gemeindereferentin&nbsp;Frau Grimm&nbsp;geleitet, die den Kindern die wichtigsten Bereiche und Symbole der Kirche erkl\u00e4rte. Die F\u00fchrung war richtig spannend, von der Sakristei bis hin zur Orgel haben wir alles kennengelernt. Die W\u00f6lflinge zeigten reges Interesse und stellten viele Fragen. <br><\/p>\n\n\n\n<p>Wir danken Frau Grimm herzlich f\u00fcr diese tolle F\u00fchrung, wir hatten alle sehr viel Spa\u00df! <\/p>\n\n\n\n<figure class=\"wp-block-image size-large\"><a href=\"https:\/\/blog.dpsgbretten.de\/wp-content\/uploads\/2025\/11\/IMG_3362.jpeg\"><img loading=\"lazy\" decoding=\"async\" width=\"1024\" height=\"768\" src=\"https:\/\/blog.dpsgbretten.de\/wp-content\/uploads\/2025\/11\/IMG_3362-1024x768.jpeg\" alt=\"\" class=\"wp-image-6914\" srcset=\"https:\/\/blog.dpsgbretten.de\/wp-content\/uploads\/2025\/11\/IMG_3362-1024x768.jpeg 1024w, https:\/\/blog.dpsgbretten.de\/wp-content\/uploads\/2025\/11\/IMG_3362-300x225.jpeg 300w, https:\/\/blog.dpsgbretten.de\/wp-content\/uploads\/2025\/11\/IMG_3362-768x576.jpeg 768w, https:\/\/blog.dpsgbretten.de\/wp-content\/uploads\/2025\/11\/IMG_3362-1536x1152.jpeg 1536w, https:\/\/blog.dpsgbretten.de\/wp-content\/uploads\/2025\/11\/IMG_3362.jpeg 1600w\" sizes=\"auto, (max-width: 1024px) 100vw, 1024px\" \/><\/a><\/figure>\n","protected":false},"excerpt":{"rendered":"<p>Im Rahmen unseres Themas&nbsp;\u201eIdentit\u00e4t (als Pfadfinder)\u201c&nbsp;besuchten die W\u00f6lflinge in ihrer Gruppenstunde die Kirche, um \u00fcber die Verbindung zwischen Pfadfindern und Kirche nachzudenken. Die F\u00fchrung wurde von der Gemeindereferentin&nbsp;Frau Grimm&nbsp;geleitet, die <a class=\"more-link\" href=\"https:\/\/blog.dpsgbretten.de\/?p=6890\">Continue Reading &rarr;<\/a><\/p>\n","protected":false},"author":12,"featured_media":0,"comment_status":"closed","ping_status":"closed","sticky":false,"template":"","format":"standard","meta":{"footnotes":""},"categories":[122,98],"tags":[],"class_list":["post-6890","post","type-post","status-publish","format-standard","hentry","category-00-00-stamm-aktuell","category-wolflinge-2"],"_links":{"self":[{"href":"https:\/\/blog.dpsgbretten.de\/index.php?rest_route=\/wp\/v2\/posts\/6890","targetHints":{"allow":["GET"]}}],"collection":[{"href":"https:\/\/blog.dpsgbretten.de\/index.php?rest_route=\/wp\/v2\/posts"}],"about":[{"href":"https:\/\/blog.dpsgbretten.de\/index.php?rest_route=\/wp\/v2\/types\/post"}],"author":[{"embeddable":true,"href":"https:\/\/blog.dpsgbretten.de\/index.php?rest_route=\/wp\/v2\/users\/12"}],"replies":[{"embeddable":true,"href":"https:\/\/blog.dpsgbretten.de\/index.php?rest_route=%2Fwp%2Fv2%2Fcomments&post=6890"}],"version-history":[{"count":3,"href":"https:\/\/blog.dpsgbretten.de\/index.php?rest_route=\/wp\/v2\/posts\/6890\/revisions"}],"predecessor-version":[{"id":6915,"href":"https:\/\/blog.dpsgbretten.de\/index.php?rest_route=\/wp\/v2\/posts\/6890\/revisions\/6915"}],"wp:attachment":[{"href":"https:\/\/blog.dpsgbretten.de\/index.php?rest_route=%2Fwp%2Fv2%2Fmedia&parent=6890"}],"wp:term":[{"taxonomy":"category","embeddable":true,"href":"https:\/\/blog.dpsgbretten.de\/index.php?rest_route=%2Fwp%2Fv2%2Fcategories&post=6890"},{"taxonomy":"post_tag","embeddable":true,"href":"https:\/\/blog.dpsgbretten.de\/index.php?rest_route=%2Fwp%2Fv2%2Ftags&post=6890"}],"curies":[{"name":"wp","href":"https:\/\/api.w.org\/{rel}","templated":true}]}}